{"id":75,"date":"2012-11-21T08:56:00","date_gmt":"2012-11-21T08:56:00","guid":{"rendered":"http:\/\/www.parigiocara.it\/?p=75"},"modified":"2014-06-23T18:36:00","modified_gmt":"2014-06-23T18:36:00","slug":"neanche-uno-e-gia-troppo","status":"publish","type":"post","link":"https:\/\/www.parigiocara.it\/index.php\/neanche-uno-e-gia-troppo\/","title":{"rendered":"Neanche uno \u00e8 gi\u00e0 troppo"},"content":{"rendered":"<p>Da quando ha avuto orecchie per ascoltare ho letto a mio figlio tante storie.<br \/>Alcune erano storie vere.<br \/>Lasciando per un attimo in disparte i sensi di colpa, posso sentirmi soddisfatta di avergli trasmesso il mio amore per la storia, per i fatti.<br \/>E cos\u00ec come un fatto storico andrebbe analizzato il conflitto arabo israeliano, senza le lenti deformanti delle ideologie. Quello che mi colpisce in questi giorni, ma pi\u00f9 in generale quando si parla di questo tema cos\u00ec complesso \u00e8 che molte persone prendono posizioni molto nette senza alcun riferimento alla storia e ai fatti che ci hanno portato sino alla crisi attuale.<br \/>Bisognerebbe ricordare che dopo la seconda guerra mondiale, quando la realt\u00e0 dell&#8217;olocausto divenne nota a tutti, nei paesi occidentali la riluttanza ad accogliere gli ebrei superstiti non venne meno.<br \/>Il governo canadese espresse lo spirito di molti altri governi quando uno dei suoi esponenti sentenzi\u00f2: &#8220;Neanche uno \u00e8 gi\u00e0 troppo&#8221;. Occorre anche ricordare la risoluzione &nbsp;181 dell&#8217;ONU che stabilisce la spartizione della Palestina in due Stati, uno arabo e uno ebraico. Questa risoluzione, accettata dagli ebrei, non \u00e8 mai stata ratificata dagli arabi. Di qui l&#8217;origine del conflitto.<br \/>Nella &#8220;Dichiarazione della fondazione dello Stato di Israele&#8221; si legge &nbsp;&#8220;la catastrofe che si \u00e8 abbattuta recentemente sul popolo ebraico, in cui milioni di ebrei in Europa sono stati massacrati, ha dimostrato concretamente la necessit\u00e0 di risolvere il problema del popolo ebraico privo di patria (&#8230;) Lo Stato di Israele sar\u00e0 aperto per l&#8217;immigrazione ebraica&#8221;.<br \/>Non si pu\u00f2 parlare dello Stato di Israele, quindi senza far riferimento alla indifferenza del mondo occidentale di fronte ad un Paese anch&#8217;esso occidentale, che per\u00f2 \u00e8 stato riconosciuto come tale dalla Santa Sede solo il 30 dicembre 1993.<br \/>Non si pu\u00f2 parlare dello Stato di Israele senza parlare di Yitzchak Rabin, che non perse mai di vista lo scopo fondamentale di tutte le operazioni belliche di Israele: difendersi e creare le condizioni per arrivare alla pace. Fu lui che il 13 settembre 1993 giunse alla firma della &#8220;Dichiarazione dei principi israelo-palestinesi&#8221;. Rabin pur avendo diretto numerose guerre, che sono state necessarie per la sopravvivenza di Israele, diceva che &#8220;la violenza corrode i fondamenti della democrazia israeliana. Bisogna condannarla, bisogna deplorarla, bisogna isolarla. Non \u00e8 questa la storia dello Stato di Israele. Questa manifestazione deve trasmettere al mondo il desiderio di pace del popolo di Israele&#8221;.<br \/>E il mondo che fa?<\/p>\n","protected":false},"excerpt":{"rendered":"<p>Da quando ha avuto orecchie per ascoltare ho letto a mio figlio tante storie.Alcune erano storie vere.Lasciando per un attimo in disparte i sensi di colpa, posso sentirmi soddisfatta di avergli trasmesso il mio amore per la storia, per i fatti.E cos\u00ec come un fatto storico andrebbe analizzato il conflitto arabo israeliano, senza le lenti [&hellip;]<\/p>\n","protected":false},"author":1,"featured_media":0,"comment_status":"closed","ping_status":"open","sticky":false,"template":"","format":"standard","meta":[],"categories":[1],"tags":[],"_links":{"self":[{"href":"https:\/\/www.parigiocara.it\/index.php\/wp-json\/wp\/v2\/posts\/75"}],"collection":[{"href":"https:\/\/www.parigiocara.it\/index.php\/wp-json\/wp\/v2\/posts"}],"about":[{"href":"https:\/\/www.parigiocara.it\/index.php\/wp-json\/wp\/v2\/types\/post"}],"author":[{"embeddable":true,"href":"https:\/\/www.parigiocara.it\/index.php\/wp-json\/wp\/v2\/users\/1"}],"replies":[{"embeddable":true,"href":"https:\/\/www.parigiocara.it\/index.php\/wp-json\/wp\/v2\/comments?post=75"}],"version-history":[{"count":0,"href":"https:\/\/www.parigiocara.it\/index.php\/wp-json\/wp\/v2\/posts\/75\/revisions"}],"wp:attachment":[{"href":"https:\/\/www.parigiocara.it\/index.php\/wp-json\/wp\/v2\/media?parent=75"}],"wp:term":[{"taxonomy":"category","embeddable":true,"href":"https:\/\/www.parigiocara.it\/index.php\/wp-json\/wp\/v2\/categories?post=75"},{"taxonomy":"post_tag","embeddable":true,"href":"https:\/\/www.parigiocara.it\/index.php\/wp-json\/wp\/v2\/tags?post=75"}],"curies":[{"name":"wp","href":"https:\/\/api.w.org\/{rel}","templated":true}]}}