{"id":56,"date":"2013-02-12T12:02:00","date_gmt":"2013-02-12T12:02:00","guid":{"rendered":"http:\/\/www.parigiocara.it\/?p=56"},"modified":"2014-06-23T18:35:52","modified_gmt":"2014-06-23T18:35:52","slug":"la-cristiano-fobia","status":"publish","type":"post","link":"https:\/\/www.parigiocara.it\/index.php\/la-cristiano-fobia\/","title":{"rendered":"La cristiano fobia"},"content":{"rendered":"<p>Come fuscello mosso dal vento colui che crede \u00e8 vessato dalla tracotanza dei non credenti<br \/>Perch\u00e9 nessuno si domanda la ragione per cui il mondo \u00e8 cos\u00ec arrabbiato con i cristiani come se il loro stesso esistere arrecasse cruccio ai laici, agli atei?<br \/>E perch\u00e9 non si lasciano liberi gli uomini di scegliere, nella sfera della coscienza,&nbsp;la propria inclinazione sia essa il credere o il non credere? Perch\u00e8 il Papa uscente \u00e8 stato tacciato cos\u00ec spesso di non essere al passo con i tempi quando la sua funzione \u00e8 quella di preservare i valori della Chiesa, non gi\u00e0 quella di guidare uno Stato laico? Perch\u00e8 non si pretende lo stesso dagli esponenti di altre religioni?<br \/>L&#8217;impressione \u00e8 che ci troviamo di fronte ad una nuova forma di assolutismo, che vorrebbe incidere sulle coscienze, in barba ai pi\u00f9 elementari principi di libert\u00e0. Si va affermando la dittatura del Diritto, senza che vi sia come bilanciamento l&#8217;obbligo di rispettare la Natura dell&#8217;uomo. Tutto \u00e8 consentito, e chiunque si frapponga, con un&#8217;idea diversa, alla realizzazione del Diritto viene accusato di essere reazionario e retrogrado. Il problema che si pone \u00e8 la necessit\u00e0 di una mediazione tra interessi contrapposti&nbsp;attraverso&nbsp;il principio di tolleranza che prevede come corollario la tutela delle minoranze.<br \/>Domina la convinzione che i cattolici siano d&#8217;inciampo al progresso,<br \/>come se il pensiero cattolico avesse&nbsp;ancora&nbsp;influenza su qualsivoglia centro decisionale o fosse capace di indirizzare l&#8217;opinione pubblica.<br \/>L&#8217;uniforme indirizzo giurisprudenziale della Corte Europea dei Diritti dell&#8217;Uomo e della Suprema Corte di Cassazione&nbsp;dimostra casomai il contrario.<br \/>Si ha come l&#8217;impressione che i cattolici siano considerati ultimo baluardo del diritto naturale, eliminato il quale molti portatori di interessi diffusi e prevalenti brinderanno. <br \/>Ma \u00e8 veramente cos\u00ec? O non \u00e8 vero il contrario, che le coscienze dei cattolici ormai intorpidite dal secolarismo e dal relativismo siano come gregge spaurito in un mondo di lupi mannari?<\/p>\n","protected":false},"excerpt":{"rendered":"<p>Come fuscello mosso dal vento colui che crede \u00e8 vessato dalla tracotanza dei non credentiPerch\u00e9 nessuno si domanda la ragione per cui il mondo \u00e8 cos\u00ec arrabbiato con i cristiani come se il loro stesso esistere arrecasse cruccio ai laici, agli atei?E perch\u00e9 non si lasciano liberi gli uomini di scegliere, nella sfera della coscienza,&nbsp;la [&hellip;]<\/p>\n","protected":false},"author":1,"featured_media":0,"comment_status":"closed","ping_status":"open","sticky":false,"template":"","format":"standard","meta":[],"categories":[1],"tags":[],"_links":{"self":[{"href":"https:\/\/www.parigiocara.it\/index.php\/wp-json\/wp\/v2\/posts\/56"}],"collection":[{"href":"https:\/\/www.parigiocara.it\/index.php\/wp-json\/wp\/v2\/posts"}],"about":[{"href":"https:\/\/www.parigiocara.it\/index.php\/wp-json\/wp\/v2\/types\/post"}],"author":[{"embeddable":true,"href":"https:\/\/www.parigiocara.it\/index.php\/wp-json\/wp\/v2\/users\/1"}],"replies":[{"embeddable":true,"href":"https:\/\/www.parigiocara.it\/index.php\/wp-json\/wp\/v2\/comments?post=56"}],"version-history":[{"count":0,"href":"https:\/\/www.parigiocara.it\/index.php\/wp-json\/wp\/v2\/posts\/56\/revisions"}],"wp:attachment":[{"href":"https:\/\/www.parigiocara.it\/index.php\/wp-json\/wp\/v2\/media?parent=56"}],"wp:term":[{"taxonomy":"category","embeddable":true,"href":"https:\/\/www.parigiocara.it\/index.php\/wp-json\/wp\/v2\/categories?post=56"},{"taxonomy":"post_tag","embeddable":true,"href":"https:\/\/www.parigiocara.it\/index.php\/wp-json\/wp\/v2\/tags?post=56"}],"curies":[{"name":"wp","href":"https:\/\/api.w.org\/{rel}","templated":true}]}}