{"id":48,"date":"2013-05-07T08:01:00","date_gmt":"2013-05-07T08:01:00","guid":{"rendered":"http:\/\/www.parigiocara.it\/?p=48"},"modified":"2014-06-23T18:35:52","modified_gmt":"2014-06-23T18:35:52","slug":"suggestioni-milanesi","status":"publish","type":"post","link":"https:\/\/www.parigiocara.it\/index.php\/suggestioni-milanesi\/","title":{"rendered":"Suggestioni milanesi"},"content":{"rendered":"<p>Arrivare a Milano, le sue pietre color sabbia, i tram, la via dei giardini.<br \/>L&#8217;aria frizzante a via del Ges\u00f9 dove all&#8217;interno di un palazzo una targa ricorda la prima radiostazione di broadcasting di Milano il 10 maggio 1925 da parte di tre radio amatori tra i quali il conte Boschetti. Un p\u00f2 di pioggia a Milano non guasta, mentre cammini per via Serbelloni e scorgi un grande orecchio di bronzo, dello scultore milanese Adolf Wildt.&nbsp;Fu concepito come un citofono ed \u00e8 incastonato nella costruzione liberty di Palazzo Sola-Busca.<br \/>Poi entrare in uno dei pi\u00f9 antichi palazzi di corso Venezia, Palazzo Serbelloni, &nbsp;dalle belle sale napoleoniche dove Jos\u00e9phine de Beauharnais soggiorn\u00f2. A Jos\u00e9phine che manifest\u00f2 a Napoleone il suo disappunto indossando lo stesso abito per due sere di seguito, Napoleone disse &#8220;Vedo che non avete avuto nemmeno il tempo di cambiarvi d&#8217;abito da ieri&#8221;.<br \/>L&#8217;elegante metropoli ti incanta anche per i suoi locali storici, come il Caf\u00e9 Cova, immutato anche nelle insegne, nell&#8217;accuratezza del servizio, o come il Sant Ambroeus, locale simbolo della Belle Epoque.<br \/>Visitare a Palazzo Reale la collezione Netter dove ritroviamo, fino all&#8217; 8 settembre 2013, i poetici ritratti di Modigliani, le vedute parigine di Utrillo ed i quadri ispirati all&#8217;arte africana di Andr\u00e9 Derain.<br \/>Ammirare l&#8217;eleganza di quei ritratti, di quelle figure femminili dal collo lungo e dagli occhi a mandorla e scoprire che Modigliani seguiva il suo gusto a costo &nbsp;non essere apprezzato sul mercato, se non dopo la sua morte. Amedeo Modigliani, detto anche &#8220;il filosofo&#8221;per le sue conversazioni di storia e di filosofia con il nonno Isacco Garsin, un giorno a Diego Rivera, che gli consigliava di dipingere paesaggi url\u00f2, di fronte ad un Picasso ammutolito, &#8221; Paesaggi! Ma non farmi ridere, il paesaggio non vive!&#8221;<br \/>Al Teatro alla Scala due figure eteree, Bolle e Zakharova, danzano Gis\u00e8le, e tornare ad emozionarsi anche solo per l&#8217;orgoglio di essere italiani.<\/p>\n","protected":false},"excerpt":{"rendered":"<p>Arrivare a Milano, le sue pietre color sabbia, i tram, la via dei giardini.L&#8217;aria frizzante a via del Ges\u00f9 dove all&#8217;interno di un palazzo una targa ricorda la prima radiostazione di broadcasting di Milano il 10 maggio 1925 da parte di tre radio amatori tra i quali il conte Boschetti. Un p\u00f2 di pioggia a [&hellip;]<\/p>\n","protected":false},"author":1,"featured_media":0,"comment_status":"closed","ping_status":"open","sticky":false,"template":"","format":"standard","meta":[],"categories":[1],"tags":[],"_links":{"self":[{"href":"https:\/\/www.parigiocara.it\/index.php\/wp-json\/wp\/v2\/posts\/48"}],"collection":[{"href":"https:\/\/www.parigiocara.it\/index.php\/wp-json\/wp\/v2\/posts"}],"about":[{"href":"https:\/\/www.parigiocara.it\/index.php\/wp-json\/wp\/v2\/types\/post"}],"author":[{"embeddable":true,"href":"https:\/\/www.parigiocara.it\/index.php\/wp-json\/wp\/v2\/users\/1"}],"replies":[{"embeddable":true,"href":"https:\/\/www.parigiocara.it\/index.php\/wp-json\/wp\/v2\/comments?post=48"}],"version-history":[{"count":0,"href":"https:\/\/www.parigiocara.it\/index.php\/wp-json\/wp\/v2\/posts\/48\/revisions"}],"wp:attachment":[{"href":"https:\/\/www.parigiocara.it\/index.php\/wp-json\/wp\/v2\/media?parent=48"}],"wp:term":[{"taxonomy":"category","embeddable":true,"href":"https:\/\/www.parigiocara.it\/index.php\/wp-json\/wp\/v2\/categories?post=48"},{"taxonomy":"post_tag","embeddable":true,"href":"https:\/\/www.parigiocara.it\/index.php\/wp-json\/wp\/v2\/tags?post=48"}],"curies":[{"name":"wp","href":"https:\/\/api.w.org\/{rel}","templated":true}]}}