{"id":29,"date":"2013-09-29T22:59:00","date_gmt":"2013-09-29T22:59:00","guid":{"rendered":"http:\/\/www.parigiocara.it\/?p=29"},"modified":"2014-06-23T18:35:44","modified_gmt":"2014-06-23T18:35:44","slug":"lintervista-di-letta-da-doroteo-a-marmotta","status":"publish","type":"post","link":"https:\/\/www.parigiocara.it\/index.php\/lintervista-di-letta-da-doroteo-a-marmotta\/","title":{"rendered":"L&#8217;intervista di Letta.Da Doroteo a marmotta"},"content":{"rendered":"<p>Se non fossi sicura di aver assistito ad una intervista in diretta su Rai Tre, potrei immaginare che si sia trattato di un fatto surreale. Il Capo dell&#8217;Esecutivo che si fa intervistare subito dopo l&#8217;incontro con il Capo dello Stato, in un momento drammatico per il nostro Paese.<br \/>Forse \u00e8 arrivato il momento di prendere coscienza che i mali dell&#8217;Italia non sono tutti attribuibili a Berlusconi, ma anche a chi da sinistra, in un tale momento pronuncia frasi esilaranti degne di comici che in Italia assurgono alla dignit\u00e0 di politici.<br \/>Il Presidente Letta afferma che il suo Governo ha riformato la giustizia civile introducendo l&#8217;istituto della mediazione obbligatoria. Senza andare nel merito vorrei solo dire ci\u00f2 che gli addetti ai lavori sanno molto bene; ci\u00f2 che serve \u00e8 un intervento organico come \u00e8 stato fatto per il processo Amministrativo con una riforma che ha permesso di smaltire il vecchio contenzioso e tempi certi di trattazione dei provvedimenti di urgenza.<br \/>Il problema della giustizia \u00e8 un problema anche politico, non solo tecnico ed il fatto che Letta si affretti a dire che bisogna tenere separati i &#8220;piani&#8221; non aiuta. Appare quanto meno ipocrita negare la necessit\u00e0 di riformare anche il processo penale con l&#8217;abolizione dell&#8217;obbligatoriet\u00e0 dell&#8217;azione penale in un sistema accusatorio che in Italia si articola nella sostanziale supremazia della parte inquirente rispetto alla difesa e nell&#8217;assenza di garanzie sostanziali di terziet\u00e0 del Giudice in mancanza di una separazione della carriera inquirente da quella giudicante. Affermare che la riforma della Giustizia non \u00e8 un problema che riguarda Berlusconi \u00e8 sbagliato ed \u00e8 il vero motivo di questa crisi. Occorre un dibattito parlamentare su questo tema, occorre affrontare la realt\u00e0 di una giustizia malata dove un Pubblico Ministero per farsi pubblicit\u00e0 e per far carriera decide quali fascicoli istruire. Non affrontare questi problemi, parlare con voce pacata de &#8220;Il giorno della marmotta&#8221; non \u00e8 degno del Capo di un Governo, non \u00e8 degno di un Paese come l&#8217;Italia.E poi lo chiamano doroteo.<br \/><a href=\"http:\/\/multimedia.quotidiano.net\/video\/politica\/letta-berlusconi-e-come-il-giorno-della-marmotta-videodoc-il-premier-da-fazio-cita-il-film-ricominci-qn-50240\" onclick=\"__gaTracker('send', 'event', 'outbound-article', 'http:\/\/multimedia.quotidiano.net\/video\/politica\/letta-berlusconi-e-come-il-giorno-della-marmotta-videodoc-il-premier-da-fazio-cita-il-film-ricominci-qn-50240', 'multimedia.quotidiano.net\/video\/politica\/letta-berlusconi-e-come-il-giorno-della-marmotta-videodoc-il-premier-da-fazio-cita-il-film-ricominci-qn-50240');\" >multimedia.quotidiano.net\/video\/politica\/letta-berlusconi-e-come-il-giorno-della-marmotta-videodoc-il-premier-da-fazio-cita-il-film-ricominci-qn-50240<\/a><\/p>\n","protected":false},"excerpt":{"rendered":"<p>Se non fossi sicura di aver assistito ad una intervista in diretta su Rai Tre, potrei immaginare che si sia trattato di un fatto surreale. Il Capo dell&#8217;Esecutivo che si fa intervistare subito dopo l&#8217;incontro con il Capo dello Stato, in un momento drammatico per il nostro Paese.Forse \u00e8 arrivato il momento di prendere coscienza [&hellip;]<\/p>\n","protected":false},"author":1,"featured_media":0,"comment_status":"closed","ping_status":"open","sticky":false,"template":"","format":"standard","meta":[],"categories":[1],"tags":[],"_links":{"self":[{"href":"https:\/\/www.parigiocara.it\/index.php\/wp-json\/wp\/v2\/posts\/29"}],"collection":[{"href":"https:\/\/www.parigiocara.it\/index.php\/wp-json\/wp\/v2\/posts"}],"about":[{"href":"https:\/\/www.parigiocara.it\/index.php\/wp-json\/wp\/v2\/types\/post"}],"author":[{"embeddable":true,"href":"https:\/\/www.parigiocara.it\/index.php\/wp-json\/wp\/v2\/users\/1"}],"replies":[{"embeddable":true,"href":"https:\/\/www.parigiocara.it\/index.php\/wp-json\/wp\/v2\/comments?post=29"}],"version-history":[{"count":0,"href":"https:\/\/www.parigiocara.it\/index.php\/wp-json\/wp\/v2\/posts\/29\/revisions"}],"wp:attachment":[{"href":"https:\/\/www.parigiocara.it\/index.php\/wp-json\/wp\/v2\/media?parent=29"}],"wp:term":[{"taxonomy":"category","embeddable":true,"href":"https:\/\/www.parigiocara.it\/index.php\/wp-json\/wp\/v2\/categories?post=29"},{"taxonomy":"post_tag","embeddable":true,"href":"https:\/\/www.parigiocara.it\/index.php\/wp-json\/wp\/v2\/tags?post=29"}],"curies":[{"name":"wp","href":"https:\/\/api.w.org\/{rel}","templated":true}]}}